{"id":1231,"count":2,"description":"<h1><strong>Cabides de Comunh\u00e3o Personalizados \u2013 Eleg\u00e2ncia para um Dia Inesquec\u00edvel<\/strong><\/h1>\r\nOs <strong>cabides de comunh\u00e3o<\/strong> tornaram\u2011se um dos acess\u00f3rios mais procurados para tornar este dia ainda mais especial. Al\u00e9m de funcionais, s\u00e3o um detalhe encantador para fotografias, para organizar o vestido ou fato da crian\u00e7a e para oferecer como lembran\u00e7a personalizada. Se procuras qualidade, personaliza\u00e7\u00e3o e rapidez, est\u00e1s no s\u00edtio certo.\r\n<h2><strong>Por que escolher cabides de comunh\u00e3o personalizados?<\/strong><\/h2>\r\nOs cabides personalizados s\u00e3o mais do que um acess\u00f3rio: s\u00e3o uma forma de eternizar o momento. Entre os seus principais benef\u00edcios destacam\u2011se:\r\n<ul>\r\n \t<li>Personaliza\u00e7\u00e3o com nome, data ou tema da comunh\u00e3o<\/li>\r\n \t<li>Ideal para fotografias profissionais<\/li>\r\n \t<li>Excelente op\u00e7\u00e3o de lembran\u00e7a<\/li>\r\n \t<li>Dur\u00e1veis e feitos com materiais de qualidade<\/li>\r\n \t<li>Perfeitos para complementar o look da crian\u00e7a<\/li>\r\n<\/ul>\r\n<div><\/div>\r\n<h2><strong>Tipos de cabides de comunh\u00e3o dispon\u00edveis<\/strong><\/h2>\r\n<h3><strong>Cabides de madeira personalizados<\/strong><\/h3>\r\nElegantes, resistentes e perfeitos para grava\u00e7\u00e3o a laser ou impress\u00e3o.\r\n<h3><strong>Cabides brancos com detalhes decorativos<\/strong><\/h3>\r\nIdeais para comunh\u00f5es tradicionais, com la\u00e7os, flores ou s\u00edmbolos religiosos.\r\n<h3><strong>Cabides com nome recortado<\/strong><\/h3>\r\nUma op\u00e7\u00e3o moderna e muito procurada, ideal para fotografias.\r\n<div><\/div>\r\n<h2><strong>Para quem s\u00e3o os cabides de comunh\u00e3o?<\/strong><\/h2>\r\n<ul>\r\n \t<li>Pais que procuram um detalhe especial para o dia<\/li>\r\n \t<li>Fot\u00f3grafos que querem elevar a est\u00e9tica das suas sess\u00f5es<\/li>\r\n \t<li>Wedding planners e event planners<\/li>\r\n \t<li>Lojas de artigos religiosos e de cerim\u00f3nia<\/li>\r\n \t<li>Quem procura lembran\u00e7as personalizadas e \u00fanicas<\/li>\r\n<\/ul>\r\n<div><\/div>\r\n<h2><strong>Como escolher o cabide de comunh\u00e3o ideal<\/strong><\/h2>\r\n<h3><strong>1. Define o estilo da cerim\u00f3nia<\/strong><\/h3>\r\nCl\u00e1ssico, moderno, minimalista ou tem\u00e1tico.\r\n<h3><strong>2. Escolhe o tipo de personaliza\u00e7\u00e3o<\/strong><\/h3>\r\nNome, data, s\u00edmbolo religioso, frase especial.\r\n<h3><strong>3. Verifica o material<\/strong><\/h3>\r\nMadeira, MDF, acr\u00edlico ou cabide branco lacado.\r\n<h3><strong>4. Considera o prazo de entrega<\/strong><\/h3>\r\nEspecialmente importante em \u00e9pocas de maior procura.\r\n<div><\/div>\r\n<h2><strong>Perguntas Frequentes (FAQ)<\/strong><\/h2>\r\n<h3><strong>Os cabides de comunh\u00e3o podem ser personalizados com qualquer nome?<\/strong><\/h3>\r\nSim, todos os cabides s\u00e3o totalmente personaliz\u00e1veis.\r\n<h3><strong>Quanto tempo demora a produ\u00e7\u00e3o?<\/strong><\/h3>\r\nDepende do modelo, mas normalmente entre 2 a 15 dias \u00fateis.\r\n<h3><strong>Posso encomendar v\u00e1rios cabides iguais para oferecer como lembran\u00e7a?<\/strong><\/h3>\r\nSim, \u00e9 poss\u00edvel produzir em quantidade e com pre\u00e7os especiais.\r\n<h3><strong>Os cabides s\u00e3o adequados para fotografias profissionais?<\/strong><\/h3>\r\nSim, s\u00e3o pensados exatamente para isso, para elevar a est\u00e9tica do registo fotogr\u00e1fico.\r\n\r\n<strong>Cabides de comunh\u00e3o personalizados para tornar o dia ainda mais especial. Modelos \u00fanicos, elegantes e perfeitos para fotografias e lembran\u00e7as. Descobre op\u00e7\u00f5es exclusivas e encomenda online com rapidez.<\/strong>\r\n<div><\/div>","link":"https:\/\/miminhosritacatita.com\/pt\/comunhao\/cabides-de-comunhao\/","name":"Cabides de Comunh\u00e3o","slug":"cabides-de-comunhao","taxonomy":"product_cat","parent":1026,"meta":[],"menu_order":0,"_links":{"self":[{"href":"https:\/\/miminhosritacatita.com\/pt\/wp-json\/wp\/v2\/product_cat\/1231","targetHints":{"allow":["GET"]}}],"collection":[{"href":"https:\/\/miminhosritacatita.com\/pt\/wp-json\/wp\/v2\/product_cat"}],"about":[{"href":"https:\/\/miminhosritacatita.com\/pt\/wp-json\/wp\/v2\/taxonomies\/product_cat"}],"up":[{"embeddable":true,"href":"https:\/\/miminhosritacatita.com\/pt\/wp-json\/wp\/v2\/product_cat\/1026"}],"wp:post_type":[{"href":"https:\/\/miminhosritacatita.com\/pt\/wp-json\/wp\/v2\/product?product_cat=1231"}],"curies":[{"name":"wp","href":"https:\/\/api.w.org\/{rel}","templated":true}]}}