{"id":1199,"count":1,"description":"<h2>Agenda Anual Capa Personalizada<\/h2>\r\nAgenda Anual Capa Personalizada\r\n\r\nEnt\u00e3o, se j\u00e1 s\u00e3o doidas por detalhes como n\u00f3s, com a\u00a0Agenda Anual Capa Personalizada v\u00e3o perder a cabe\u00e7a.\r\n\r\n(Quase) Tudo come\u00e7a aqui e esta \u00e9 a (segunda) melhor parte: planear, mas tamb\u00e9m deliciar-se na prepara\u00e7\u00e3o dos seus dias.\r\n\r\nPortanto, a Agenda Anual \u00e9 sua mas o promessa \u00e9 nossa, por isso as nossas <strong>Agendas <\/strong>podem ter a capa personalizada, o que nos d\u00e1 um total controlo sobre os prazos de produ\u00e7\u00e3o.\r\n\r\nNo entanto, dizem que o segredo est\u00e1 nos detalhes\u2026 E n\u00f3s acreditamos! Na nossa loja a Agenda Anual \u00e9 dos nossos detalhes favoritos.\r\n\r\nAssim sendo, \u00e9 poss\u00edvel seres uma pessoa organizada? ..\u00e9 sim!! Com a nossa Agenda \u00e9 poss\u00edvel!\r\n\r\nComo tal, mostramos mais um pouco do que cont\u00e9m, \u00e9 super completa.\r\n\r\nPortanto, aqui h\u00e1 espa\u00e7o para escrever e organizar todos os dias, de forma pr\u00e1tica.\r\n<h3>A Agenda Anual Capa Personalizada!<\/h3>\r\nAssim, a Agenda tem mapa mundo, espa\u00e7o para colocar contactos, \u00e9 agenda com vista di\u00e1ria, s\u00e1bado e domingo numa s\u00f3 p\u00e1gina.\r\n\r\nPortanto, esta Agenda pode ser impressa na capa, de forma personalizada.\r\n<ul>\r\n \t<li>Capa dura<\/li>\r\n \t<li>Agenda com vista di\u00e1ria, s\u00e1bado e domingo numa s\u00f3 p\u00e1gina<\/li>\r\n \t<li>Dimens\u00e3o: A5<\/li>\r\n<\/ul>\r\nAgenda de tamanho A5 em resistente cart\u00e3o. Com capas r\u00edgidas, el\u00e1stico de fecho e distintivo ecofriendly.\r\n\r\nCom distintivo eco friendly na contra-capa e fabricada com papel livre de cloro elementar (ECF), que reduz de maneira dr\u00e1stica a contamina\u00e7\u00e3o no processo de branqueamento da polpa do papel, conseguindo uma excelente qualidade no acabamento final e, ao mesmo tempo, garantindo o processo de reciclagem em m\u00faltiplas ocasi\u00f5es.\r\n\r\n<strong>Veja Tamb\u00e9m:<\/strong><a href=\"https:\/\/miminhosritacatita.com\/produto\/topo-de-bolo-acrilico-impresso\/\"> Topos de Bolo<\/a>\r\n\r\n<strong>Visite o N\/ Facebook:<\/strong> <a href=\"https:\/\/www.facebook.com\/pg\/miminhos.ritacatita\/photos\/?tab=albums\">Miminhos Rita Catita<\/a>","link":"https:\/\/miminhosritacatita.com\/pt\/agendas\/agenda-anual-agendas\/","name":"Agenda Anual","slug":"agenda-anual-agendas","taxonomy":"product_cat","parent":1096,"meta":[],"menu_order":0,"_links":{"self":[{"href":"https:\/\/miminhosritacatita.com\/pt\/wp-json\/wp\/v2\/product_cat\/1199","targetHints":{"allow":["GET"]}}],"collection":[{"href":"https:\/\/miminhosritacatita.com\/pt\/wp-json\/wp\/v2\/product_cat"}],"about":[{"href":"https:\/\/miminhosritacatita.com\/pt\/wp-json\/wp\/v2\/taxonomies\/product_cat"}],"up":[{"embeddable":true,"href":"https:\/\/miminhosritacatita.com\/pt\/wp-json\/wp\/v2\/product_cat\/1096"}],"wp:post_type":[{"href":"https:\/\/miminhosritacatita.com\/pt\/wp-json\/wp\/v2\/product?product_cat=1199"}],"curies":[{"name":"wp","href":"https:\/\/api.w.org\/{rel}","templated":true}]}}