{"id":1027,"count":24,"description":"<h2><strong>Convites de Comunh\u00e3o Personalizados: Eleg\u00e2ncia para um Dia Especial<\/strong><\/h2>\r\nA Primeira Comunh\u00e3o \u00e9 um momento \u00fanico e cheio de significado. Na Miminhos Rita Catita encontras <strong>Convites de Comunh\u00e3o personalizados<\/strong>, criados com detalhe, qualidade e carinho, para anunciar este dia t\u00e3o especial de forma bonita e inesquec\u00edvel.\r\n<div><\/div>\r\n<h2><strong>Convites de Comunh\u00e3o para Menino e Menina<\/strong><\/h2>\r\nA nossa cole\u00e7\u00e3o inclui modelos para todos os estilos, desde os mais tradicionais aos mais modernos.\r\n<h3><strong>\u00a0Tipos de Convites Dispon\u00edveis<\/strong><\/h3>\r\n<ul>\r\n \t<li>Convites de Comunh\u00e3o cl\u00e1ssicos<\/li>\r\n \t<li>Convites de Comunh\u00e3o modernos<\/li>\r\n \t<li>Convites de Comunh\u00e3o florais<\/li>\r\n \t<li>Convites de Comunh\u00e3o minimalistas<\/li>\r\n \t<li>Convites de Primeira Comunh\u00e3o para menino<\/li>\r\n \t<li>Convites de Primeira Comunh\u00e3o para menina<\/li>\r\n \t<li>Convites em papel premium, acr\u00edlico ou madeira<\/li>\r\n<\/ul>\r\nTodos os modelos podem ser personalizados com nome, data, local e tema da festa.\r\n<div><\/div>\r\n<h2><strong>Convites de Comunh\u00e3o Personalizados ao Seu Estilo<\/strong><\/h2>\r\nCada convite \u00e9 criado com aten\u00e7\u00e3o ao detalhe, garantindo que combina com o tema e a identidade da celebra\u00e7\u00e3o.\r\n<h3><strong>O que pode personalizar<\/strong><\/h3>\r\n<ul>\r\n \t<li>Nome da crian\u00e7a<\/li>\r\n \t<li>Data e local da cerim\u00f3nia<\/li>\r\n \t<li>Cores e elementos gr\u00e1ficos<\/li>\r\n \t<li>Frases especiais ou cita\u00e7\u00f5es religiosas<\/li>\r\n \t<li>Formato e tipo de papel<\/li>\r\n<\/ul>\r\n<div><\/div>\r\n<h2><strong>Produtos Complementares para Comunh\u00e3o<\/strong><\/h2>\r\nAl\u00e9m dos convites, encontras tudo o que precisas para completar a festa:\r\n<h3><strong>Artigos Dispon\u00edveis<\/strong><\/h3>\r\n<ul>\r\n \t<li><a href=\"https:\/\/miminhosritacatita.com\/comunhao\/lembrancas-de-comunhao\/\">Lembran\u00e7as de Comunh\u00e3o<\/a><\/li>\r\n \t<li><a href=\"https:\/\/miminhosritacatita.com\/comunhao\/livros-de-honra-comunhoes\/\">Livros de Honra<\/a><\/li>\r\n \t<li><a href=\"https:\/\/miminhosritacatita.com\/comunhao\/placards-de-comunhao\/\">Placards e seating plan<\/a><\/li>\r\n \t<li><a href=\"https:\/\/miminhosritacatita.com\/comunhao\/marcadores-de-mesa-comunhao\/\">Marcadores de mesa<\/a><\/li>\r\n \t<li><a href=\"https:\/\/miminhosritacatita.com\/comunhao\/topos-de-bolo-comunhao\/\">Topos de bolo de Comunh\u00e3o<\/a><\/li>\r\n \t<li>Talheres personalizados<\/li>\r\n \t<li>Caixinhas e embalagens<\/li>\r\n<\/ul>\r\nTudo pode ser coordenado com o design dos convites para criar uma festa harmoniosa.\r\n<div><\/div>\r\n<h2><strong>Porqu\u00ea Escolher a Miminhos Rita Catita?<\/strong><\/h2>\r\n<ul>\r\n \t<li>Personaliza\u00e7\u00e3o completa<\/li>\r\n \t<li>Qualidade premium<\/li>\r\n \t<li>Produ\u00e7\u00e3o cuidada e artesanal<\/li>\r\n \t<li>Entrega r\u00e1pida e segura<\/li>\r\n \t<li>Modelos exclusivos<\/li>\r\n \t<li>Atendimento pr\u00f3ximo e dedicado<\/li>\r\n<\/ul>\r\n<div><\/div>\r\n<h2><strong>Como Escolher os Convites de Comunh\u00e3o Ideais<\/strong><\/h2>\r\n<h3><strong>Dicas r\u00e1pidas<\/strong><\/h3>\r\n<ul>\r\n \t<li>Define o tema da festa (anjo, floral, minimalista, azul, rosa, neutro)<\/li>\r\n \t<li>Escolhe uma paleta de cores consistente<\/li>\r\n \t<li>Decide se queres um estilo cl\u00e1ssico ou moderno<\/li>\r\n \t<li>Personaliza com detalhes que representem a crian\u00e7a<\/li>\r\n \t<li>Coordena os convites com as lembran\u00e7as e decora\u00e7\u00e3o<\/li>\r\n<\/ul>\r\n<div><\/div>\r\n<h1><strong>FAQ: Perguntas Frequentes sobre Convites de Comunh\u00e3o<\/strong><\/h1>\r\n<h3><strong>Os convites s\u00e3o personaliz\u00e1veis?<\/strong><\/h3>\r\nSim, todos os convites podem ser personalizados com nome, data, cores e elementos gr\u00e1ficos.\r\n<h3><strong>Qual \u00e9 o prazo de produ\u00e7\u00e3o?<\/strong><\/h3>\r\nA maioria dos convites \u00e9 produzida entre 3 a 20 dias \u00fateis.\r\n<h3><strong>Posso encomendar convites e lembran\u00e7as no mesmo pedido?<\/strong><\/h3>\r\nSim, podes combinar todos os produtos da Comunh\u00e3o numa \u00fanica encomenda.\r\n<h3><strong>T\u00eam convites para menino e menina?<\/strong><\/h3>\r\nSim, temos modelos neutros, femininos e masculinos.\r\n<h3><strong>\u00c9 poss\u00edvel criar um convite totalmente exclusivo?<\/strong><\/h3>\r\nSim, a nossa equipa pode desenvolver um design \u00fanico para a Comunh\u00e3o do teu filho(a).\r\n<div><\/div>\r\n<h2><strong>Torna a Primeira Comunh\u00e3o Inesquec\u00edvel com Convites Personalizados<\/strong><\/h2>\r\nDescobre a nossa cole\u00e7\u00e3o completa de <strong>Convites de Comunh\u00e3o<\/strong> e encontra o modelo perfeito para anunciar este dia t\u00e3o especial com eleg\u00e2ncia, significado e personaliza\u00e7\u00e3o.\r\n\r\n\ud83d\udc49 <a href=\"https:\/\/miminhosritacatita.com\/comunhao\/lembrancas-de-comunhao\/\"><strong>Conhe\u00e7a as tend\u00eancias em lembran\u00e7as de comunh\u00e3o<\/strong><\/a>\r\n\r\n\ud83d\udc49 <a href=\"https:\/\/wa.me\/351929065658\"><strong>Solicite um or\u00e7amento personalizado<\/strong><\/a>","link":"https:\/\/miminhosritacatita.com\/pt\/comunhao\/convites-de-comunhao\/","name":"Convites de Comunh\u00e3o","slug":"convites-de-comunhao","taxonomy":"product_cat","parent":1026,"meta":[],"menu_order":0,"_links":{"self":[{"href":"https:\/\/miminhosritacatita.com\/pt\/wp-json\/wp\/v2\/product_cat\/1027","targetHints":{"allow":["GET"]}}],"collection":[{"href":"https:\/\/miminhosritacatita.com\/pt\/wp-json\/wp\/v2\/product_cat"}],"about":[{"href":"https:\/\/miminhosritacatita.com\/pt\/wp-json\/wp\/v2\/taxonomies\/product_cat"}],"up":[{"embeddable":true,"href":"https:\/\/miminhosritacatita.com\/pt\/wp-json\/wp\/v2\/product_cat\/1026"}],"wp:post_type":[{"href":"https:\/\/miminhosritacatita.com\/pt\/wp-json\/wp\/v2\/product?product_cat=1027"}],"curies":[{"name":"wp","href":"https:\/\/api.w.org\/{rel}","templated":true}]}}