{"id":1026,"count":0,"description":"<div class=\"wpb_text_column wpb_content_element \">\r\n<h2 style=\"text-align: left\"><strong>Produtos para Comunh\u00e3o Personalizados: Convites, Lembran\u00e7as, marcadores de mesa.<\/strong><\/h2>\r\n<\/div>\r\nA Primeira Comunh\u00e3o \u00e9 um momento especial e cheio de significado. Na Miminhos Rita Catita encontras <strong>tudo o que precisas para organizar uma festa de Comunh\u00e3o elegante, personalizada e inesquec\u00edvel<\/strong>: convites, lembran\u00e7as, livros de honra, topos de bolo e muito mais.\r\n<div><\/div>\r\n<h2><strong>Convites, Lembran\u00e7as e Artigos de Comunh\u00e3o<\/strong><\/h2>\r\nA nossa cole\u00e7\u00e3o re\u00fane produtos pensados para criar uma celebra\u00e7\u00e3o harmoniosa, bonita e cheia de detalhes que fazem a diferen\u00e7a.\r\n<h3><strong>Convites de Comunh\u00e3o Personalizados<\/strong><\/h3>\r\n<ul>\r\n \t<li>Estilos cl\u00e1ssico, moderno, floral, minimalista<\/li>\r\n \t<li>Op\u00e7\u00f5es em papel premium, acr\u00edlico ou madeira<\/li>\r\n \t<li>Personaliza\u00e7\u00e3o com nome, data e tema da festa<\/li>\r\n \t<li>Design exclusivo criado com aten\u00e7\u00e3o ao detalhe<\/li>\r\n<\/ul>\r\n<div><\/div>\r\n<h3><strong>Lembran\u00e7as de Comunh\u00e3o<\/strong><\/h3>\r\n<ul>\r\n \t<li>Lembran\u00e7as para convidados<\/li>\r\n \t<li>Lembran\u00e7as personalizadas com nome e data<\/li>\r\n \t<li>Caixinhas tem\u00e1ticas<\/li>\r\n \t<li>Miniaturas decorativas<\/li>\r\n \t<li>Op\u00e7\u00f5es para menino e menina<\/li>\r\n<\/ul>\r\n<div><\/div>\r\n<h3><strong>Livros de Honra de Comunh\u00e3o<\/strong><\/h3>\r\n<ul>\r\n \t<li>Capa personalizada<\/li>\r\n \t<li>Espa\u00e7o para mensagens dos convidados<\/li>\r\n \t<li>Ideal para guardar mem\u00f3rias deste dia especial<\/li>\r\n<\/ul>\r\n<div><\/div>\r\n<h2><strong>Decora\u00e7\u00e3o e Acess\u00f3rios para Comunh\u00e3o<\/strong><\/h2>\r\n<h3><strong>Placards e Marcadores de Mesa<\/strong><\/h3>\r\n<ul>\r\n \t<li>Placa de Boas Vindas<\/li>\r\n \t<li>Placard personalizado<\/li>\r\n \t<li>Marcadores de mesa tem\u00e1ticos<\/li>\r\n \t<li>Sinal\u00e9tica decorativa<\/li>\r\n<\/ul>\r\n<div><\/div>\r\n<h3><strong>Topos de Bolo e Talheres Personalizados<\/strong><\/h3>\r\n<ul>\r\n \t<li>Topos de bolo exclusivos<\/li>\r\n \t<li>Talheres gravados<\/li>\r\n \t<li>Pe\u00e7as elegantes para o momento do corte do bolo<\/li>\r\n<\/ul>\r\n<div><\/div>\r\n<h2><strong>Produtos Personalizados para uma Comunh\u00e3o \u00danica<\/strong><\/h2>\r\nCada pe\u00e7a \u00e9 criada com carinho, qualidade e aten\u00e7\u00e3o ao detalhe. A personaliza\u00e7\u00e3o permite adaptar tudo ao tema da festa, garantindo uma celebra\u00e7\u00e3o harmoniosa e memor\u00e1vel.\r\n<ul>\r\n \t<li>Personaliza\u00e7\u00e3o completa<\/li>\r\n \t<li>Qualidade premium<\/li>\r\n \t<li>Produ\u00e7\u00e3o cuidada e artesanal<\/li>\r\n \t<li>Entrega r\u00e1pida e segura<\/li>\r\n \t<li>Produtos exclusivos<\/li>\r\n<\/ul>\r\n<div><\/div>\r\n<h2><strong>Ideias para Organizar a Festa de Comunh\u00e3o<\/strong><\/h2>\r\n<h3><strong>Essenciais para o dia<\/strong><\/h3>\r\n<ul>\r\n \t<li><a href=\"https:\/\/miminhosritacatita.com\/comunhao\/convites-de-comunhao\/\">Convites personalizados<\/a><\/li>\r\n \t<li><a href=\"https:\/\/miminhosritacatita.com\/comunhao\/lembrancas-de-comunhao\/\">Lembran\u00e7as para convidados<\/a><\/li>\r\n \t<li><a href=\"https:\/\/miminhosritacatita.com\/comunhao\/livros-de-honra-comunhoes\/\">Livro de honra<\/a><\/li>\r\n \t<li><a href=\"https:\/\/miminhosritacatita.com\/comunhao\/topos-de-bolo-comunhao\/\">Topo de bolo<\/a><\/li>\r\n \t<li><a href=\"https:\/\/miminhosritacatita.com\/comunhao\/marcadores-de-mesa-comunhao\/\">Marcadores de mesa<\/a><\/li>\r\n \t<li><a href=\"https:\/\/miminhosritacatita.com\/comunhao\/placards-de-comunhao\/\">Placard de entrada<\/a><\/li>\r\n<\/ul>\r\n<h3><strong>Dicas r\u00e1pidas<\/strong><\/h3>\r\n<ul>\r\n \t<li>Escolhe um tema (anjo, floral, minimalista, azul, rosa, neutro)<\/li>\r\n \t<li>Mant\u00e9m a paleta de cores consistente<\/li>\r\n \t<li>Personaliza os detalhes para criar harmonia visual<\/li>\r\n \t<li>Planeia com anteced\u00eancia para garantir tranquilidade<\/li>\r\n<\/ul>\r\n<div><\/div>\r\n<h1><strong>FAQ: Perguntas Frequentes sobre Produtos de Comunh\u00e3o<\/strong><\/h1>\r\n<h3><strong>Os produtos s\u00e3o personaliz\u00e1veis?<\/strong><\/h3>\r\nSim, quase todos os artigos permitem personaliza\u00e7\u00e3o com nome, data e tema.\r\n<h3><strong>Qual \u00e9 o prazo de produ\u00e7\u00e3o?<\/strong><\/h3>\r\nA maioria dos produtos \u00e9 produzida entre 3 a 20 dias \u00fateis.\r\n<h3><strong>T\u00eam lembran\u00e7as para menino e menina?<\/strong><\/h3>\r\nSim, temos op\u00e7\u00f5es neutras, femininas e masculinas.\r\n<h3><strong>Posso encomendar tudo no mesmo pedido?<\/strong><\/h3>\r\nSim, podes combinar convites, lembran\u00e7as, decora\u00e7\u00e3o e acess\u00f3rios numa \u00fanica encomenda.\r\n<h3><strong>\u00c9 poss\u00edvel criar um produto exclusivo?<\/strong><\/h3>\r\nSim, a nossa equipa pode desenvolver algo \u00fanico para a Comunh\u00e3o do teu filho ou filha.\r\n<div><\/div>\r\n<h1><strong>Torna a Comunh\u00e3o do Teu Filho(a) Inesquec\u00edvel<\/strong><\/h1>\r\nDescobre a nossa cole\u00e7\u00e3o completa de <strong>produtos para Comunh\u00e3o<\/strong> e encontra tudo o que precisas para criar uma celebra\u00e7\u00e3o cheia de beleza, significado e personaliza\u00e7\u00e3o.\r\n\r\n\ud83d\udc49 <a href=\"https:\/\/miminhosritacatita.com\/comunhao\/convites-de-comunhao\/\"><strong>Conhe\u00e7a as tend\u00eancias em convites de comunh\u00e3o<\/strong><\/a>\r\n\r\n\ud83d\udc49 <a href=\"https:\/\/wa.me\/351929065658\"><strong>Solicite um or\u00e7amento personalizado<\/strong><\/a>\r\n<div><\/div>","link":"https:\/\/miminhosritacatita.com\/pt\/comunhao\/","name":"Comunh\u00e3o","slug":"comunhao","taxonomy":"product_cat","parent":0,"meta":[],"menu_order":0,"_links":{"self":[{"href":"https:\/\/miminhosritacatita.com\/pt\/wp-json\/wp\/v2\/product_cat\/1026","targetHints":{"allow":["GET"]}}],"collection":[{"href":"https:\/\/miminhosritacatita.com\/pt\/wp-json\/wp\/v2\/product_cat"}],"about":[{"href":"https:\/\/miminhosritacatita.com\/pt\/wp-json\/wp\/v2\/taxonomies\/product_cat"}],"wp:post_type":[{"href":"https:\/\/miminhosritacatita.com\/pt\/wp-json\/wp\/v2\/product?product_cat=1026"}],"curies":[{"name":"wp","href":"https:\/\/api.w.org\/{rel}","templated":true}]}}