{"id":58963,"date":"2024-05-22T10:02:02","date_gmt":"2024-05-22T10:02:02","guid":{"rendered":"https:\/\/miminhosritacatita.com\/?p=58963"},"modified":"2024-05-22T10:17:07","modified_gmt":"2024-05-22T10:17:07","slug":"agenda-gravida-tudo-o-que-precisa-para-uma-gravidez-tranquila","status":"publish","type":"post","link":"https:\/\/miminhosritacatita.com\/pt\/agenda-gravida-tudo-o-que-precisa-para-uma-gravidez-tranquila\/","title":{"rendered":"Agenda Gr\u00e1vida &#8211; Tudo o que precisa para uma gravidez tranquila!"},"content":{"rendered":"<h1><strong>Agenda da Gr\u00e1vida da Miminhos Rita Catita: O Guia Essencial para a Maternidade<\/strong><\/h1>\n<p>Agenda Gr\u00e1vida &#8211; Tudo o que precisa para uma gravidez tranquila!<\/p>\n<p>A gravidez \u00e9 uma fase m\u00e1gica e repleta de emo\u00e7\u00f5es para as futuras mam\u00e3s. Por isso, neste per\u00edodo de transforma\u00e7\u00f5es e descobertas, a <strong>Agenda da Gr\u00e1vida<\/strong>\u00a0da\u00a0<strong>Miminhos Rita Catita<\/strong> torna-se uma companheira indispens\u00e1vel. Assim, vamos explorar por que esta agenda \u00e9 t\u00e3o especial e como pode fazer toda a diferen\u00e7a durante a gesta\u00e7\u00e3o e al\u00e9m.<\/p>\n<p><img decoding=\"async\" class=\"alignnone size-medium wp-image-43969\" src=\"https:\/\/miminhosritacatita.com\/wp-content\/uploads\/2024\/02\/Agenda-da-gravida-miminhosA3_08838-300x200.jpg\" alt=\"Agenda da gravidez com tudo o que \u00e9 necess\u00e1rio para a gravidez\" width=\"300\" height=\"200\" \/><\/p>\n<h2><strong>1. Registe Cada Momento Especial<\/strong><\/h2>\n<p>A\u00a0<strong>Agenda da Gravidez<\/strong> \u00e9 muito mais do que um simples di\u00e1rio. Portanto, \u00e9 um espa\u00e7o onde voc\u00ea pode registar todos os detalhes desse per\u00edodo. Desde as primeiras sensa\u00e7\u00f5es do beb\u00e9 at\u00e9 os momentos de alegria e ansiedade, cada p\u00e1gina \u00e9 um convite para expressar os seus pensamentos e emo\u00e7\u00f5es. No entanto, tem espa\u00e7o para colar ecografias, anotar reflex\u00f5es e partilhar as suas experi\u00eancias, este di\u00e1rio da gravidez torna-se uma lembran\u00e7a preciosa para toda a vida.<\/p>\n<p>&nbsp;<\/p>\n<p><img decoding=\"async\" class=\"alignnone size-medium wp-image-43970\" src=\"https:\/\/miminhosritacatita.com\/wp-content\/uploads\/2024\/02\/Agenda-da-gravida-miminhosA3_08851-300x200.jpg\" alt=\"Agenda e di\u00e1rio da gr\u00e1vida para anotar todo o processo\" width=\"300\" height=\"200\" \/><\/p>\n<h2><strong>2. Informa\u00e7\u00f5es Essenciais ao Seu Alcance<\/strong><\/h2>\n<p>A primeira parte da agenda re\u00fane informa\u00e7\u00f5es vitais para a gesta\u00e7\u00e3o. Logo, encontrar\u00e1 dicas de sa\u00fade, direitos parentais, cuidados com a pele e at\u00e9 mesmo sugest\u00f5es de alimenta\u00e7\u00e3o mensal para o beb\u00e9 em desenvolvimento. Al\u00e9m disso, h\u00e1 espa\u00e7o para anotar compromissos m\u00e9dicos, festivos e familiares. Imagine ter tudo organizado num s\u00f3 lugar, facilitando sua rotina e garantindo que nada seja esquecido.<\/p>\n<p><img decoding=\"async\" class=\"alignnone size-medium wp-image-43971\" src=\"https:\/\/miminhosritacatita.com\/wp-content\/uploads\/2024\/02\/Agenda-da-gravida-miminhosA3_08867-300x200.jpg\" alt=\"di\u00e1rio da gravidez com todos os detalhes que precisa saber sobre a gravidez\" width=\"300\" height=\"200\" \/><\/p>\n<h2><strong>3. Acompanhamento do Desenvolvimento do Beb\u00e9<\/strong><\/h2>\n<p>A cada m\u00eas, a agenda oferece um espa\u00e7o dedicado ao desenvolvimento do beb\u00e9. Poder\u00e1 anotar o tamanho, as mudan\u00e7as e as conquistas do seu pequeno. \u00c9 como criar um \u00e1lbum de mem\u00f3rias em tempo real. E n\u00e3o para por a\u00ed! A agenda para gr\u00e1vida tamb\u00e9m inclui sec\u00e7\u00f5es especiais para planear o baby shower e o batismo, momentos que marcam o in\u00edcio dessa nova fase.<\/p>\n<p>Agenda Gr\u00e1vida &#8211; Tudo o que precisa para uma gravidez tranquila!<\/p>\n<p><img decoding=\"async\" class=\"alignnone size-medium wp-image-43973\" src=\"https:\/\/miminhosritacatita.com\/wp-content\/uploads\/2024\/02\/Agenda-da-gravida-miminhosA3_08878-300x200.jpg\" alt=\"p\u00e1ginas com vacina\u00e7\u00e3o para que controle todos os passos\" width=\"300\" height=\"200\" \/><\/p>\n<h2><strong>4. P\u00f3s-Parto e Al\u00e9m<\/strong><\/h2>\n<p>Ap\u00f3s o nascimento, a agenda continua a ser sua aliada. Por isso, registe os primeiros dias do beb\u00e9 em casa, o primeiro natal, o primeiro carnaval e todas as experi\u00eancias \u00fanicas. Al\u00e9m disso, encontre informa\u00e7\u00f5es sobre as vacinas essenciais para cada fase. Afinal, a sa\u00fade do beb\u00e9 \u00e9 prioridade, e a agenda est\u00e1 l\u00e1 para ajudar.<\/p>\n<h2><strong>5. Personaliza\u00e7\u00e3o e Recorda\u00e7\u00e3o<\/strong><\/h2>\n<p>Portanto, para tornar essa agenda ainda mais especial, pode personalizar a capa e a contracapa. Imagine olhar para ela anos depois e reviver cada momento da sua jornada como m\u00e3e. \u00c9 uma recorda\u00e7\u00e3o \u00fanica e cheia de amor.<\/p>\n<p>Em resumo, a\u00a0<strong>Agenda Gravidez<\/strong> da\u00a0<strong>Miminhos Rita Catita<\/strong> \u00e9 um investimento valioso para as futuras mam\u00e3s. Ela n\u00e3o apenas organiza informa\u00e7\u00f5es pr\u00e1ticas, mas tamb\u00e9m celebra a magia da maternidade. Por fim, n\u00e3o espere mais: adquira a sua e comece a escrever essa hist\u00f3ria incr\u00edvel!<\/p>\n<p>Descubra todos os detalhes da nossa <a href=\"https:\/\/miminhosritacatita.com\/agendas\/agenda-da-gravida\/\">Agenda da Gr\u00e1vida<\/a><\/p>\n<p>&nbsp;<\/p>\n<p>&nbsp;<\/p>\n<p>Siga-nos no <a href=\"https:\/\/www.instagram.com\/miminhosritacatita\/\" target=\"_blank\" rel=\"noopener\">Instagram<\/a><\/p>\n","protected":false},"excerpt":{"rendered":"<p>Agenda da Gr\u00e1vida da Miminhos Rita Catita: O Guia Essencial para a Maternidade Agenda Gr\u00e1vida &#8211; Tudo o que precisa para uma gravidez tranquila! A gravidez \u00e9 uma fase m\u00e1gica e repleta de emo\u00e7\u00f5es para as futuras mam\u00e3s. Por isso, neste per\u00edodo de transforma\u00e7\u00f5es e descobertas, a Agenda da Gr\u00e1vida\u00a0da\u00a0Miminhos Rita Catita torna-se uma companheira &#8230; <a title=\"Agenda Gr\u00e1vida &#8211; Tudo o que precisa para uma gravidez tranquila!\" class=\"read-more\" href=\"https:\/\/miminhosritacatita.com\/pt\/agenda-gravida-tudo-o-que-precisa-para-uma-gravidez-tranquila\/\" aria-label=\"Leia mais sobre Agenda Gr\u00e1vida &#8211; Tudo o que precisa para uma gravidez tranquila!\">Ler mais<\/a><\/p>\n","protected":false},"author":3,"featured_media":43976,"comment_status":"open","ping_status":"open","sticky":false,"template":"","format":"standard","meta":{"footnotes":""},"categories":[1214],"tags":[],"class_list":["post-58963","post","type-post","status-publish","format-standard","has-post-thumbnail","hentry","category-gravida"],"_links":{"self":[{"href":"https:\/\/miminhosritacatita.com\/pt\/wp-json\/wp\/v2\/posts\/58963","targetHints":{"allow":["GET"]}}],"collection":[{"href":"https:\/\/miminhosritacatita.com\/pt\/wp-json\/wp\/v2\/posts"}],"about":[{"href":"https:\/\/miminhosritacatita.com\/pt\/wp-json\/wp\/v2\/types\/post"}],"author":[{"embeddable":true,"href":"https:\/\/miminhosritacatita.com\/pt\/wp-json\/wp\/v2\/users\/3"}],"replies":[{"embeddable":true,"href":"https:\/\/miminhosritacatita.com\/pt\/wp-json\/wp\/v2\/comments?post=58963"}],"version-history":[{"count":0,"href":"https:\/\/miminhosritacatita.com\/pt\/wp-json\/wp\/v2\/posts\/58963\/revisions"}],"wp:featuredmedia":[{"embeddable":true,"href":"https:\/\/miminhosritacatita.com\/pt\/wp-json\/wp\/v2\/media\/43976"}],"wp:attachment":[{"href":"https:\/\/miminhosritacatita.com\/pt\/wp-json\/wp\/v2\/media?parent=58963"}],"wp:term":[{"taxonomy":"category","embeddable":true,"href":"https:\/\/miminhosritacatita.com\/pt\/wp-json\/wp\/v2\/categories?post=58963"},{"taxonomy":"post_tag","embeddable":true,"href":"https:\/\/miminhosritacatita.com\/pt\/wp-json\/wp\/v2\/tags?post=58963"}],"curies":[{"name":"wp","href":"https:\/\/api.w.org\/{rel}","templated":true}]}}