{"id":1316,"count":0,"description":"<h1 data-path-to-node=\"4\">Branding e Material Corporativo: Estacion\u00e1rio Premium e Identidade Visual<\/h1>\r\n<p data-path-to-node=\"5\">A imagem de uma empresa \u00e9 o seu ativo mais valioso. Na <b data-path-to-node=\"5\" data-index-in-node=\"120\">Miminhos Rita Catita<\/b>, elevamos o conceito de comunica\u00e7\u00e3o empresarial atrav\u00e9s do <b data-path-to-node=\"5\" data-index-in-node=\"200\">\u0395\u03c0\u03c9\u03bd\u03c5\u03bc\u03af\u03b1 \u03ba\u03b1\u03b9 \u03b5\u03c4\u03b1\u03b9\u03c1\u03b9\u03ba\u03cc \u03c5\u03bb\u03b9\u03ba\u03cc<\/b> Premium. Num mercado globalizado, o <b data-path-to-node=\"5\" data-index-in-node=\"268\">estacion\u00e1rio premium<\/b> funciona como um diferenciador imediato, transmitindo confian\u00e7a, solidez e aten\u00e7\u00e3o ao detalhe. Somos especialistas em transformar vis\u00f5es estrat\u00e9gicas em objetos tang\u00edveis de alta qualidade, servindo empresas em Portugal que n\u00e3o abdicam da excel\u00eancia na sua representa\u00e7\u00e3o f\u00edsica.<\/p>\r\n<p data-path-to-node=\"5\"><\/p>\r\n\r\n<h2 data-path-to-node=\"7\">O Impacto do Estacion\u00e1rio na Identidade da sua Empresa<\/h2>\r\n<p data-path-to-node=\"8\">O branding vai muito al\u00e9m de um log\u00f3tipo num ecr\u00e3, ele vive na textura do papel e na precis\u00e3o dos acabamentos. O nosso atelier foca-se no <b data-path-to-node=\"8\" data-index-in-node=\"138\">Branding F\u00edsico<\/b>, garantindo que cada ponto de contacto entre a sua marca e o seu cliente seja memor\u00e1vel. Ao investir em <b data-path-to-node=\"8\" data-index-in-node=\"258\">material corporativo personalizado<\/b>, est\u00e1 a garantir que a sua proposta de valor \u00e9 refor\u00e7ada em cada reuni\u00e3o, evento ou entrega de documenta\u00e7\u00e3o.<\/p>\r\n<p data-path-to-node=\"8\"><\/p>\r\n\r\n<h2 data-path-to-node=\"10\">Subcategorias de Especialidade: Solu\u00e7\u00f5es Corporativas 360\u00ba<\/h2>\r\n<p data-path-to-node=\"11\"><strong>Agendas para Empresas e Planners Executivos<\/strong><\/p>\r\n<p data-path-to-node=\"12\">\u03a4\u03bf <b data-path-to-node=\"12\" data-index-in-node=\"3\">Agendas para empresas<\/b> da Miminhos Rita Catita s\u00e3o o ex-libris da nossa produ\u00e7\u00e3o de inverno. Mais do que um brinde, s\u00e3o ferramentas de produtividade personalizadas. Desenvolvemos planners que refletem a cultura da sua organiza\u00e7\u00e3o, com capas em materiais nobres e interiores funcionais.<\/p>\r\n\r\n<ul data-path-to-node=\"13\">\r\n \t<li>\r\n<p data-path-to-node=\"13,0,0\"><b data-path-to-node=\"13,0,0\" data-index-in-node=\"0\">Ideal para:<\/b> Presentes de final de ano, kits de boas-vindas\u00a0e organiza\u00e7\u00e3o interna de equipas de alto rendimento.<\/p>\r\n<\/li>\r\n<\/ul>\r\n<p data-path-to-node=\"14\"><strong>Capas para Documentos e Pastas de Apresenta\u00e7\u00e3o<\/strong><\/p>\r\n<p data-path-to-node=\"15\">A formaliza\u00e7\u00e3o de um neg\u00f3cio exige um suporte \u00e0 altura. As nossas <b data-path-to-node=\"15\" data-index-in-node=\"66\">capas para documentos<\/b> s\u00e3o desenhadas para proteger propostas, contratos e dossiers de prest\u00edgio. Com acabamentos que podem incluir relevos ou estampagens a quente, estas pastas s\u00e3o fundamentais para setores como o imobili\u00e1rio de luxo, advocacia e consultoria financeira.<\/p>\r\n\r\n<ul data-path-to-node=\"16\">\r\n \t<li>\r\n<p data-path-to-node=\"16,0,0\"><b data-path-to-node=\"16,0,0\" data-index-in-node=\"0\">Destaque:<\/b> Personaliza\u00e7\u00e3o total de formatos e gramagens superiores.<\/p>\r\n<\/li>\r\n<\/ul>\r\n<p data-path-to-node=\"17\"><strong>Cart\u00f5es de Visita de Prest\u00edgio<\/strong><\/p>\r\n<p data-path-to-node=\"18\">O <b data-path-to-node=\"18\" data-index-in-node=\"2\">cart\u00e3o de visita<\/b> continua a ser a ferramenta de networking mais poderosa. Na Miminhos Rita Catita, fugimos do comum. Criamos cart\u00f5es com design de layout inclu\u00eddo, focando-nos na harmonia tipogr\u00e1fica e na qualidade do suporte.<\/p>\r\n\r\n<ul data-path-to-node=\"19\">\r\n \t<li>\r\n<p data-path-to-node=\"19,0,0\"><b data-path-to-node=\"19,0,0\" data-index-in-node=\"0\">Diferencia\u00e7\u00e3o:<\/b> Op\u00e7\u00f5es de cantos redondos, verniz localizado e pap\u00e9is de texturas artesanais.<\/p>\r\n<\/li>\r\n<\/ul>\r\n<p data-path-to-node=\"20\"><strong>Crach\u00e1s e Pins de Identidade<\/strong><\/p>\r\n<p data-path-to-node=\"21\">A coes\u00e3o da equipa manifesta-se nos detalhes. Os nossos <b data-path-to-node=\"21\" data-index-in-node=\"56\">crach\u00e1s para empresas<\/b> e pins personalizados s\u00e3o produzidos com materiais duradouros e sistemas de fixa\u00e7\u00e3o que n\u00e3o danificam o vestu\u00e1rio. S\u00e3o a solu\u00e7\u00e3o perfeita para identifica\u00e7\u00e3o em balc\u00e3o, feiras profissionais ou congressos.<\/p>\r\n<p data-path-to-node=\"21\"><\/p>\r\n\r\n<h2 data-path-to-node=\"23\">Design de Log\u00f3tipos e Consultoria de Marca<\/h2>\r\n<p data-path-to-node=\"24\">A base de um bom material corporativo \u00e9 um log\u00f3tipo bem estruturado. Se a sua empresa necessita de uma renova\u00e7\u00e3o ou de uma cria\u00e7\u00e3o de raiz, o nosso servi\u00e7o de <b data-path-to-node=\"24\" data-index-in-node=\"159\">design de log\u00f3tipos<\/b> garante que a sua marca nasce preparada para a impress\u00e3o. Analisamos a psicologia das cores e a legibilidade para que o seu branding seja irrepreens\u00edvel, tanto no digital como no papel.<\/p>\r\n<p data-path-to-node=\"24\"><\/p>\r\n\r\n<h2 data-path-to-node=\"26\">FAQ: Tudo o que precisa de saber sobre Material Corporativo<\/h2>\r\n<p data-path-to-node=\"28\"><b data-path-to-node=\"28\" data-index-in-node=\"0\">1. Qual a import\u00e2ncia de ter um estacion\u00e1rio corporativo uniforme?<\/b> A uniformidade no material de escrit\u00f3rio garante o reconhecimento imediato da marca. Um cliente que recebe um cart\u00e3o de visita, uma agenda e uma pasta com a mesma linguagem visual percebe uma empresa muito mais organizada e fi\u00e1vel.<\/p>\r\n<p data-path-to-node=\"29\"><b data-path-to-node=\"29\" data-index-in-node=\"0\">2. O design dos log\u00f3tipos est\u00e1 inclu\u00eddo na compra dos produtos?<\/b> N\u00e3o. O design de layout (pagina\u00e7\u00e3o do produto) est\u00e1 inclu\u00eddo, mas a <b data-path-to-node=\"29\" data-index-in-node=\"132\">cria\u00e7\u00e3o de log\u00f3tipo<\/b> \u00e9 um servi\u00e7o t\u00e9cnico independente. Se j\u00e1 tiver log\u00f3tipo, aplicamo-lo sem custos, se precisar de um, a nossa equipa de design criar\u00e1 uma proposta exclusiva sob or\u00e7amento.<\/p>\r\n<p data-path-to-node=\"30\"><b data-path-to-node=\"30\" data-index-in-node=\"0\">3. Quais os prazos para encomendas de grandes quantidades?<\/b> Para encomendas corporativas de grande volume, os prazos variam entre 15 a 20 dias \u00fateis. No inverno, devido \u00e0 alta procura por <b data-path-to-node=\"30\" data-index-in-node=\"187\">agendas empresariais<\/b>, recomendamos o agendamento antecipado para garantir a entrega antes do final do ano.<\/p>\r\n<p data-path-to-node=\"31\"><b data-path-to-node=\"31\" data-index-in-node=\"0\">4. Posso solicitar uma amostra do material antes da produ\u00e7\u00e3o final?<\/b> Sim, trabalhamos com provas digitais rigorosas e, em casos espec\u00edficos de grandes produ\u00e7\u00f5es, podemos articular o envio de amostras f\u00edsicas dos materiais para garantir a satisfa\u00e7\u00e3o total com a textura e acabamento. Algumas t\u00e9cnicas que necessitam de cunho n\u00e3o \u00e9 poss\u00edvel a cria\u00e7\u00e3o de amostras.<\/p>\r\n\r\n<h2 data-path-to-node=\"33\">Porqu\u00ea a Miminhos Rita Catita para o seu Branding Corporativo?<\/h2>\r\n<p data-path-to-node=\"34\">Escolher a Miminhos Rita Catita \u00e9 optar por um atelier que combina a precis\u00e3o da tecnologia moderna com o cuidado da produ\u00e7\u00e3o artesanal. Em Portugal, somos refer\u00eancia na cria\u00e7\u00e3o de <b data-path-to-node=\"34\" data-index-in-node=\"181\">papelaria premium<\/b>, ajudando PMEs e grandes marcas a comunicarem com eleg\u00e2ncia e impacto. O nosso compromisso \u00e9 com a durabilidade, a est\u00e9tica e o sucesso da sua imagem empresarial.<\/p>\r\n<p data-path-to-node=\"37,1,0\"><\/p>","link":"https:\/\/miminhosritacatita.com\/el\/branding-e-material-corporativo\/","name":"\u0395\u03c0\u03c9\u03bd\u03c5\u03bc\u03af\u03b1 \u03ba\u03b1\u03b9 \u03b5\u03c4\u03b1\u03b9\u03c1\u03b9\u03ba\u03cc \u03c5\u03bb\u03b9\u03ba\u03cc","slug":"branding-%ce%ba%ce%b1%ce%b9-%ce%b5%cf%84%ce%b1%ce%b9%cf%81%ce%b9%ce%ba%cf%8c-%cf%85%ce%bb%ce%b9%ce%ba%cf%8c","taxonomy":"product_cat","parent":0,"meta":[],"menu_order":0,"_links":{"self":[{"href":"https:\/\/miminhosritacatita.com\/el\/wp-json\/wp\/v2\/product_cat\/1316","targetHints":{"allow":["GET"]}}],"collection":[{"href":"https:\/\/miminhosritacatita.com\/el\/wp-json\/wp\/v2\/product_cat"}],"about":[{"href":"https:\/\/miminhosritacatita.com\/el\/wp-json\/wp\/v2\/taxonomies\/product_cat"}],"wp:post_type":[{"href":"https:\/\/miminhosritacatita.com\/el\/wp-json\/wp\/v2\/product?product_cat=1316"}],"curies":[{"name":"wp","href":"https:\/\/api.w.org\/{rel}","templated":true}]}}